{"id":655,"date":"2024-10-18T18:01:51","date_gmt":"2024-10-18T16:01:51","guid":{"rendered":"https:\/\/lola-jamin.com\/?p=655"},"modified":"2025-02-24T10:20:42","modified_gmt":"2025-02-24T09:20:42","slug":"lola-david-jamin","status":"publish","type":"post","link":"https:\/\/lola-jamin.com\/index.php\/2024\/10\/18\/lola-david-jamin\/","title":{"rendered":"Lola &amp; David JAMIN"},"content":{"rendered":"\n<p><a href=\"https:\/\/www.galeriedupuis.com\/\">Galerie Jo\u00ebl Dupuis<\/a>, Hardelot (62)<\/p>\n\n\n\n<figure class=\"wp-block-image size-large\"><img loading=\"lazy\" decoding=\"async\" width=\"717\" height=\"1024\" src=\"https:\/\/lola-jamin.com\/wp-content\/uploads\/2024\/10\/Affiche-expo-JAMIN-1-717x1024.jpg\" alt=\"\" class=\"wp-image-656\" srcset=\"https:\/\/lola-jamin.com\/wp-content\/uploads\/2024\/10\/Affiche-expo-JAMIN-1-717x1024.jpg 717w, https:\/\/lola-jamin.com\/wp-content\/uploads\/2024\/10\/Affiche-expo-JAMIN-1-210x300.jpg 210w, https:\/\/lola-jamin.com\/wp-content\/uploads\/2024\/10\/Affiche-expo-JAMIN-1-768x1097.jpg 768w, https:\/\/lola-jamin.com\/wp-content\/uploads\/2024\/10\/Affiche-expo-JAMIN-1-1075x1536.jpg 1075w, https:\/\/lola-jamin.com\/wp-content\/uploads\/2024\/10\/Affiche-expo-JAMIN-1-1433x2048.jpg 1433w, https:\/\/lola-jamin.com\/wp-content\/uploads\/2024\/10\/Affiche-expo-JAMIN-1-1320x1886.jpg 1320w, https:\/\/lola-jamin.com\/wp-content\/uploads\/2024\/10\/Affiche-expo-JAMIN-1-600x857.jpg 600w, https:\/\/lola-jamin.com\/wp-content\/uploads\/2024\/10\/Affiche-expo-JAMIN-1-scaled.jpg 1792w\" sizes=\"auto, (max-width: 717px) 100vw, 717px\" \/><\/figure>\n\n\n\n<div style=\"height:45px\" aria-hidden=\"true\" class=\"wp-block-spacer\"><\/div>\n\n\n\n<p class=\"has-text-align-center\">Du 19 octobre au 1er d\u00e9cembre 2024 s&rsquo;est tenue \u00e0 la <a href=\"https:\/\/www.galeriedupuis.com\/\">Galerie d&rsquo;art Jo\u00ebl Dupuis<\/a> \u00e0 Hardelot (62) une exposition p\u00e8re-fille, associant les \u0153uvres de <a href=\"https:\/\/www.davidjamin.fr\/\">David<\/a> et Lola Jamin. Le vernissage de l&rsquo;\u00e9v\u00e8nement, qui a eu lieu le dimanche 3 novembre, a \u00e9t\u00e9 l&rsquo;occasion pour Lola de revenir dans sa r\u00e9gion natale pour y pr\u00e9senter ses nouvelles \u0153uvres. Le moment, riche en \u00e9motions, a attir\u00e9 les foules, en prenant des airs de r\u00e9union de la grande famille artistique qui s&rsquo;est constitu\u00e9e autour de l&rsquo;atelier de David \u00e0 Hames-Boucres, avant le d\u00e9m\u00e9nagement de la famille Jamin pour Uz\u00e8s en 2013. Lola, qui a fr\u00e9quent\u00e9 la Galerie Dupuis d\u00e8s l&rsquo;\u00e2ge de 8 ans par le biais de son p\u00e8re, \u00e9tait donc particuli\u00e8rement touch\u00e9e de revenir en ce lieu, pour y exposer cette fois. \u00a0<br>Dans cette exposition qui a eu lieu du 19 octobre au 1er d\u00e9cembre 2024, vous avez pu retrouver le travail de Lola sur cette ann\u00e9e \u00e9coul\u00e9e, et ainsi suivre les \u00e9volutions de sa palette, du fusain \u00e0 l&rsquo;acrylique en passant par l&rsquo;encre de Chine, et l&rsquo;affirmation de son trait.\u00a0<\/p>\n\n\n\n<p><\/p>\n","protected":false},"excerpt":{"rendered":"<p>Galerie Jo\u00ebl Dupuis, Hardelot (62) Du 19 octobre au 1er d\u00e9cembre 2024 s&rsquo;est tenue \u00e0 la Galerie d&rsquo;art Jo\u00ebl Dupuis \u00e0 Hardelot (62) une exposition p\u00e8re-fille, associant les \u0153uvres de David et Lola Jamin. Le vernissage de l&rsquo;\u00e9v\u00e8nement, qui a eu lieu le dimanche 3 novembre, a \u00e9t\u00e9 l&rsquo;occasion pour Lola de revenir dans sa [&hellip;]<\/p>\n","protected":false},"author":1,"featured_media":656,"comment_status":"open","ping_status":"open","sticky":false,"template":"","format":"standard","meta":{"iawp_total_views":0,"footnotes":""},"categories":[86],"tags":[],"class_list":["post-655","post","type-post","status-publish","format-standard","has-post-thumbnail","hentry","category-passe"],"yoast_head":"<!-- This site is optimized with the Yoast SEO plugin v26.6 - https:\/\/yoast.com\/wordpress\/plugins\/seo\/ -->\n<title>Lola &amp; David JAMIN - Lola Jamin<\/title>\n<meta name=\"robots\" content=\"index, follow, max-snippet:-1, max-image-preview:large, max-video-preview:-1\" \/>\n<link rel=\"canonical\" href=\"https:\/\/lola-jamin.com\/index.php\/2024\/10\/18\/lola-david-jamin\/\" \/>\n<meta property=\"og:locale\" content=\"fr_FR\" \/>\n<meta property=\"og:type\" content=\"article\" \/>\n<meta property=\"og:title\" content=\"Lola &amp; David JAMIN - Lola Jamin\" \/>\n<meta property=\"og:description\" content=\"Galerie Jo\u00ebl Dupuis, Hardelot (62) Du 19 octobre au 1er d\u00e9cembre 2024 s&rsquo;est tenue \u00e0 la Galerie d&rsquo;art Jo\u00ebl Dupuis \u00e0 Hardelot (62) une exposition p\u00e8re-fille, associant les \u0153uvres de David et Lola Jamin. Le vernissage de l&rsquo;\u00e9v\u00e8nement, qui a eu lieu le dimanche 3 novembre, a \u00e9t\u00e9 l&rsquo;occasion pour Lola de revenir dans sa [&hellip;]\" \/>\n<meta property=\"og:url\" content=\"https:\/\/lola-jamin.com\/index.php\/2024\/10\/18\/lola-david-jamin\/\" \/>\n<meta property=\"og:site_name\" content=\"Lola Jamin\" \/>\n<meta property=\"article:published_time\" content=\"2024-10-18T16:01:51+00:00\" \/>\n<meta property=\"article:modified_time\" content=\"2025-02-24T09:20:42+00:00\" \/>\n<meta property=\"og:image\" content=\"https:\/\/lola-jamin.com\/wp-content\/uploads\/2024\/10\/Affiche-expo-JAMIN-1-scaled.jpg\" \/>\n\t<meta property=\"og:image:width\" content=\"1792\" \/>\n\t<meta property=\"og:image:height\" content=\"2560\" \/>\n\t<meta property=\"og:image:type\" content=\"image\/jpeg\" \/>\n<meta name=\"author\" content=\"lola-jamin\" \/>\n<meta name=\"twitter:card\" content=\"summary_large_image\" \/>\n<meta name=\"twitter:label1\" content=\"\u00c9crit par\" \/>\n\t<meta name=\"twitter:data1\" content=\"lola-jamin\" \/>\n\t<meta name=\"twitter:label2\" content=\"Dur\u00e9e de lecture estim\u00e9e\" \/>\n\t<meta name=\"twitter:data2\" content=\"2 minutes\" \/>\n<script type=\"application\/ld+json\" class=\"yoast-schema-graph\">{\"@context\":\"https:\/\/schema.org\",\"@graph\":[{\"@type\":\"NewsArticle\",\"@id\":\"https:\/\/lola-jamin.com\/index.php\/2024\/10\/18\/lola-david-jamin\/#article\",\"isPartOf\":{\"@id\":\"https:\/\/lola-jamin.com\/index.php\/2024\/10\/18\/lola-david-jamin\/\"},\"author\":{\"name\":\"lola-jamin\",\"@id\":\"https:\/\/lola-jamin.com\/#\/schema\/person\/171ba4d576edf432bf91b7982e95ed5b\"},\"headline\":\"Lola &amp; David JAMIN\",\"datePublished\":\"2024-10-18T16:01:51+00:00\",\"dateModified\":\"2025-02-24T09:20:42+00:00\",\"mainEntityOfPage\":{\"@id\":\"https:\/\/lola-jamin.com\/index.php\/2024\/10\/18\/lola-david-jamin\/\"},\"wordCount\":198,\"commentCount\":0,\"publisher\":{\"@id\":\"https:\/\/lola-jamin.com\/#organization\"},\"image\":{\"@id\":\"https:\/\/lola-jamin.com\/index.php\/2024\/10\/18\/lola-david-jamin\/#primaryimage\"},\"thumbnailUrl\":\"https:\/\/lola-jamin.com\/wp-content\/uploads\/2024\/10\/Affiche-expo-JAMIN-1-scaled.jpg\",\"articleSection\":[\"Pass\u00e9\"],\"inLanguage\":\"fr-FR\",\"potentialAction\":[{\"@type\":\"CommentAction\",\"name\":\"Comment\",\"target\":[\"https:\/\/lola-jamin.com\/index.php\/2024\/10\/18\/lola-david-jamin\/#respond\"]}]},{\"@type\":[\"WebPage\",\"CollectionPage\"],\"@id\":\"https:\/\/lola-jamin.com\/index.php\/2024\/10\/18\/lola-david-jamin\/\",\"url\":\"https:\/\/lola-jamin.com\/index.php\/2024\/10\/18\/lola-david-jamin\/\",\"name\":\"Lola &amp; David JAMIN - Lola Jamin\",\"isPartOf\":{\"@id\":\"https:\/\/lola-jamin.com\/#website\"},\"primaryImageOfPage\":{\"@id\":\"https:\/\/lola-jamin.com\/index.php\/2024\/10\/18\/lola-david-jamin\/#primaryimage\"},\"image\":{\"@id\":\"https:\/\/lola-jamin.com\/index.php\/2024\/10\/18\/lola-david-jamin\/#primaryimage\"},\"thumbnailUrl\":\"https:\/\/lola-jamin.com\/wp-content\/uploads\/2024\/10\/Affiche-expo-JAMIN-1-scaled.jpg\",\"datePublished\":\"2024-10-18T16:01:51+00:00\",\"dateModified\":\"2025-02-24T09:20:42+00:00\",\"breadcrumb\":{\"@id\":\"https:\/\/lola-jamin.com\/index.php\/2024\/10\/18\/lola-david-jamin\/#breadcrumb\"},\"inLanguage\":\"fr-FR\"},{\"@type\":\"ImageObject\",\"inLanguage\":\"fr-FR\",\"@id\":\"https:\/\/lola-jamin.com\/index.php\/2024\/10\/18\/lola-david-jamin\/#primaryimage\",\"url\":\"https:\/\/lola-jamin.com\/wp-content\/uploads\/2024\/10\/Affiche-expo-JAMIN-1-scaled.jpg\",\"contentUrl\":\"https:\/\/lola-jamin.com\/wp-content\/uploads\/2024\/10\/Affiche-expo-JAMIN-1-scaled.jpg\",\"width\":1792,\"height\":2560},{\"@type\":\"BreadcrumbList\",\"@id\":\"https:\/\/lola-jamin.com\/index.php\/2024\/10\/18\/lola-david-jamin\/#breadcrumb\",\"itemListElement\":[{\"@type\":\"ListItem\",\"position\":1,\"name\":\"Accueil\",\"item\":\"https:\/\/lola-jamin.com\/\"},{\"@type\":\"ListItem\",\"position\":2,\"name\":\"Lola &amp; David JAMIN\"}]},{\"@type\":\"WebSite\",\"@id\":\"https:\/\/lola-jamin.com\/#website\",\"url\":\"https:\/\/lola-jamin.com\/\",\"name\":\"Lola Jamin\",\"description\":\"\",\"publisher\":{\"@id\":\"https:\/\/lola-jamin.com\/#organization\"},\"potentialAction\":[{\"@type\":\"SearchAction\",\"target\":{\"@type\":\"EntryPoint\",\"urlTemplate\":\"https:\/\/lola-jamin.com\/?s={search_term_string}\"},\"query-input\":{\"@type\":\"PropertyValueSpecification\",\"valueRequired\":true,\"valueName\":\"search_term_string\"}}],\"inLanguage\":\"fr-FR\"},{\"@type\":\"Organization\",\"@id\":\"https:\/\/lola-jamin.com\/#organization\",\"name\":\"Lola Jamin\",\"url\":\"https:\/\/lola-jamin.com\/\",\"logo\":{\"@type\":\"ImageObject\",\"inLanguage\":\"fr-FR\",\"@id\":\"https:\/\/lola-jamin.com\/#\/schema\/logo\/image\/\",\"url\":\"https:\/\/lola-jamin.com\/wp-content\/uploads\/2024\/08\/cropped-Signature_Lola_2022_copie.png\",\"contentUrl\":\"https:\/\/lola-jamin.com\/wp-content\/uploads\/2024\/08\/cropped-Signature_Lola_2022_copie.png\",\"width\":1770,\"height\":935,\"caption\":\"Lola Jamin\"},\"image\":{\"@id\":\"https:\/\/lola-jamin.com\/#\/schema\/logo\/image\/\"}},{\"@type\":\"Person\",\"@id\":\"https:\/\/lola-jamin.com\/#\/schema\/person\/171ba4d576edf432bf91b7982e95ed5b\",\"name\":\"lola-jamin\",\"image\":{\"@type\":\"ImageObject\",\"inLanguage\":\"fr-FR\",\"@id\":\"https:\/\/lola-jamin.com\/#\/schema\/person\/image\/\",\"url\":\"https:\/\/secure.gravatar.com\/avatar\/34bf87b65e44de561362075dfc187077afe0668fd315119982eb712bfd5f237f?s=96&d=mm&r=g\",\"contentUrl\":\"https:\/\/secure.gravatar.com\/avatar\/34bf87b65e44de561362075dfc187077afe0668fd315119982eb712bfd5f237f?s=96&d=mm&r=g\",\"caption\":\"lola-jamin\"},\"sameAs\":[\"http:\/\/lola-jamin.com\"],\"url\":\"https:\/\/lola-jamin.com\/index.php\/author\/admin3446\/\"}]}<\/script>\n<!-- \/ Yoast SEO plugin. -->","yoast_head_json":{"title":"Lola &amp; David JAMIN - Lola Jamin","robots":{"index":"index","follow":"follow","max-snippet":"max-snippet:-1","max-image-preview":"max-image-preview:large","max-video-preview":"max-video-preview:-1"},"canonical":"https:\/\/lola-jamin.com\/index.php\/2024\/10\/18\/lola-david-jamin\/","og_locale":"fr_FR","og_type":"article","og_title":"Lola &amp; David JAMIN - Lola Jamin","og_description":"Galerie Jo\u00ebl Dupuis, Hardelot (62) Du 19 octobre au 1er d\u00e9cembre 2024 s&rsquo;est tenue \u00e0 la Galerie d&rsquo;art Jo\u00ebl Dupuis \u00e0 Hardelot (62) une exposition p\u00e8re-fille, associant les \u0153uvres de David et Lola Jamin. Le vernissage de l&rsquo;\u00e9v\u00e8nement, qui a eu lieu le dimanche 3 novembre, a \u00e9t\u00e9 l&rsquo;occasion pour Lola de revenir dans sa [&hellip;]","og_url":"https:\/\/lola-jamin.com\/index.php\/2024\/10\/18\/lola-david-jamin\/","og_site_name":"Lola Jamin","article_published_time":"2024-10-18T16:01:51+00:00","article_modified_time":"2025-02-24T09:20:42+00:00","og_image":[{"width":1792,"height":2560,"url":"https:\/\/lola-jamin.com\/wp-content\/uploads\/2024\/10\/Affiche-expo-JAMIN-1-scaled.jpg","type":"image\/jpeg"}],"author":"lola-jamin","twitter_card":"summary_large_image","twitter_misc":{"\u00c9crit par":"lola-jamin","Dur\u00e9e de lecture estim\u00e9e":"2 minutes"},"schema":{"@context":"https:\/\/schema.org","@graph":[{"@type":"NewsArticle","@id":"https:\/\/lola-jamin.com\/index.php\/2024\/10\/18\/lola-david-jamin\/#article","isPartOf":{"@id":"https:\/\/lola-jamin.com\/index.php\/2024\/10\/18\/lola-david-jamin\/"},"author":{"name":"lola-jamin","@id":"https:\/\/lola-jamin.com\/#\/schema\/person\/171ba4d576edf432bf91b7982e95ed5b"},"headline":"Lola &amp; David JAMIN","datePublished":"2024-10-18T16:01:51+00:00","dateModified":"2025-02-24T09:20:42+00:00","mainEntityOfPage":{"@id":"https:\/\/lola-jamin.com\/index.php\/2024\/10\/18\/lola-david-jamin\/"},"wordCount":198,"commentCount":0,"publisher":{"@id":"https:\/\/lola-jamin.com\/#organization"},"image":{"@id":"https:\/\/lola-jamin.com\/index.php\/2024\/10\/18\/lola-david-jamin\/#primaryimage"},"thumbnailUrl":"https:\/\/lola-jamin.com\/wp-content\/uploads\/2024\/10\/Affiche-expo-JAMIN-1-scaled.jpg","articleSection":["Pass\u00e9"],"inLanguage":"fr-FR","potentialAction":[{"@type":"CommentAction","name":"Comment","target":["https:\/\/lola-jamin.com\/index.php\/2024\/10\/18\/lola-david-jamin\/#respond"]}]},{"@type":["WebPage","CollectionPage"],"@id":"https:\/\/lola-jamin.com\/index.php\/2024\/10\/18\/lola-david-jamin\/","url":"https:\/\/lola-jamin.com\/index.php\/2024\/10\/18\/lola-david-jamin\/","name":"Lola &amp; David JAMIN - Lola Jamin","isPartOf":{"@id":"https:\/\/lola-jamin.com\/#website"},"primaryImageOfPage":{"@id":"https:\/\/lola-jamin.com\/index.php\/2024\/10\/18\/lola-david-jamin\/#primaryimage"},"image":{"@id":"https:\/\/lola-jamin.com\/index.php\/2024\/10\/18\/lola-david-jamin\/#primaryimage"},"thumbnailUrl":"https:\/\/lola-jamin.com\/wp-content\/uploads\/2024\/10\/Affiche-expo-JAMIN-1-scaled.jpg","datePublished":"2024-10-18T16:01:51+00:00","dateModified":"2025-02-24T09:20:42+00:00","breadcrumb":{"@id":"https:\/\/lola-jamin.com\/index.php\/2024\/10\/18\/lola-david-jamin\/#breadcrumb"},"inLanguage":"fr-FR"},{"@type":"ImageObject","inLanguage":"fr-FR","@id":"https:\/\/lola-jamin.com\/index.php\/2024\/10\/18\/lola-david-jamin\/#primaryimage","url":"https:\/\/lola-jamin.com\/wp-content\/uploads\/2024\/10\/Affiche-expo-JAMIN-1-scaled.jpg","contentUrl":"https:\/\/lola-jamin.com\/wp-content\/uploads\/2024\/10\/Affiche-expo-JAMIN-1-scaled.jpg","width":1792,"height":2560},{"@type":"BreadcrumbList","@id":"https:\/\/lola-jamin.com\/index.php\/2024\/10\/18\/lola-david-jamin\/#breadcrumb","itemListElement":[{"@type":"ListItem","position":1,"name":"Accueil","item":"https:\/\/lola-jamin.com\/"},{"@type":"ListItem","position":2,"name":"Lola &amp; David JAMIN"}]},{"@type":"WebSite","@id":"https:\/\/lola-jamin.com\/#website","url":"https:\/\/lola-jamin.com\/","name":"Lola Jamin","description":"","publisher":{"@id":"https:\/\/lola-jamin.com\/#organization"},"potentialAction":[{"@type":"SearchAction","target":{"@type":"EntryPoint","urlTemplate":"https:\/\/lola-jamin.com\/?s={search_term_string}"},"query-input":{"@type":"PropertyValueSpecification","valueRequired":true,"valueName":"search_term_string"}}],"inLanguage":"fr-FR"},{"@type":"Organization","@id":"https:\/\/lola-jamin.com\/#organization","name":"Lola Jamin","url":"https:\/\/lola-jamin.com\/","logo":{"@type":"ImageObject","inLanguage":"fr-FR","@id":"https:\/\/lola-jamin.com\/#\/schema\/logo\/image\/","url":"https:\/\/lola-jamin.com\/wp-content\/uploads\/2024\/08\/cropped-Signature_Lola_2022_copie.png","contentUrl":"https:\/\/lola-jamin.com\/wp-content\/uploads\/2024\/08\/cropped-Signature_Lola_2022_copie.png","width":1770,"height":935,"caption":"Lola Jamin"},"image":{"@id":"https:\/\/lola-jamin.com\/#\/schema\/logo\/image\/"}},{"@type":"Person","@id":"https:\/\/lola-jamin.com\/#\/schema\/person\/171ba4d576edf432bf91b7982e95ed5b","name":"lola-jamin","image":{"@type":"ImageObject","inLanguage":"fr-FR","@id":"https:\/\/lola-jamin.com\/#\/schema\/person\/image\/","url":"https:\/\/secure.gravatar.com\/avatar\/34bf87b65e44de561362075dfc187077afe0668fd315119982eb712bfd5f237f?s=96&d=mm&r=g","contentUrl":"https:\/\/secure.gravatar.com\/avatar\/34bf87b65e44de561362075dfc187077afe0668fd315119982eb712bfd5f237f?s=96&d=mm&r=g","caption":"lola-jamin"},"sameAs":["http:\/\/lola-jamin.com"],"url":"https:\/\/lola-jamin.com\/index.php\/author\/admin3446\/"}]}},"_links":{"self":[{"href":"https:\/\/lola-jamin.com\/index.php\/wp-json\/wp\/v2\/posts\/655","targetHints":{"allow":["GET"]}}],"collection":[{"href":"https:\/\/lola-jamin.com\/index.php\/wp-json\/wp\/v2\/posts"}],"about":[{"href":"https:\/\/lola-jamin.com\/index.php\/wp-json\/wp\/v2\/types\/post"}],"author":[{"embeddable":true,"href":"https:\/\/lola-jamin.com\/index.php\/wp-json\/wp\/v2\/users\/1"}],"replies":[{"embeddable":true,"href":"https:\/\/lola-jamin.com\/index.php\/wp-json\/wp\/v2\/comments?post=655"}],"version-history":[{"count":6,"href":"https:\/\/lola-jamin.com\/index.php\/wp-json\/wp\/v2\/posts\/655\/revisions"}],"predecessor-version":[{"id":1237,"href":"https:\/\/lola-jamin.com\/index.php\/wp-json\/wp\/v2\/posts\/655\/revisions\/1237"}],"wp:featuredmedia":[{"embeddable":true,"href":"https:\/\/lola-jamin.com\/index.php\/wp-json\/wp\/v2\/media\/656"}],"wp:attachment":[{"href":"https:\/\/lola-jamin.com\/index.php\/wp-json\/wp\/v2\/media?parent=655"}],"wp:term":[{"taxonomy":"category","embeddable":true,"href":"https:\/\/lola-jamin.com\/index.php\/wp-json\/wp\/v2\/categories?post=655"},{"taxonomy":"post_tag","embeddable":true,"href":"https:\/\/lola-jamin.com\/index.php\/wp-json\/wp\/v2\/tags?post=655"}],"curies":[{"name":"wp","href":"https:\/\/api.w.org\/{rel}","templated":true}]}}